{"id":7279,"date":"2021-03-30T15:05:00","date_gmt":"2021-03-30T18:05:00","guid":{"rendered":"https:\/\/institutodavisao2.websiteseguro.com\/area-do-medico\/?p=7279"},"modified":"2021-06-25T16:23:58","modified_gmt":"2021-06-25T19:23:58","slug":"resultado-final-do-processo-seletivo-fellowship-2021-do-ipepo","status":"publish","type":"post","link":"https:\/\/www.institutodavisao.org.br\/area-do-medico\/resultado-final-do-processo-seletivo-fellowship-2021-do-ipepo\/","title":{"rendered":"RESULTADO FINAL DO PROCESSO SELETIVO FELLOWSHIP 2021 DO IPEPO"},"content":{"rendered":"\n<figure class=\"wp-block-image size-large\"><img loading=\"lazy\" decoding=\"async\" width=\"500\" height=\"150\" src=\"https:\/\/institutodavisao2.websiteseguro.com\/area-do-medico\/wp-content\/uploads\/img-mat1.png\" alt=\"\" class=\"wp-image-7280\" srcset=\"https:\/\/www.institutodavisao.org.br\/area-do-medico\/wp-content\/uploads\/img-mat1.png 500w, https:\/\/www.institutodavisao.org.br\/area-do-medico\/wp-content\/uploads\/img-mat1-300x90.png 300w, https:\/\/www.institutodavisao.org.br\/area-do-medico\/wp-content\/uploads\/img-mat1-150x45.png 150w\" sizes=\"auto, (max-width: 500px) 100vw, 500px\" \/><\/figure>\n\n\n\n<p><strong>Parab\u00e9ns aos Fellow selecionados:<\/strong><\/p>\n\n\n\n<p><strong>Programa de Fellowship em IMAGEM EM OFTALMOLOGIA:<\/strong><\/p>\n\n\n\n<ul class=\"wp-block-list\"><li>Dra. Adriana Geremias Toni<\/li><\/ul>\n\n\n\n<p><strong>Programa de Fellowship em RETINA e V\u00cdTREO:<\/strong><\/p>\n\n\n\n<ul class=\"wp-block-list\"><li>Dra. Amanda de Oliveira<\/li><li>Dra. Renata Carneiro Bertazzi<\/li><\/ul>\n\n\n\n<p><strong>Programa de Fellowship em Catarata:<\/strong><\/p>\n\n\n\n<ul class=\"wp-block-list\"><li>Dr. Kenzo Saito Tomishige<\/li><li>Dra. Jeanne Dayse de Medeiros Matias<\/li><\/ul>\n\n\n\n<p><strong>Programa de Fellowship em Glaucoma:<\/strong><\/p>\n\n\n\n<ul class=\"wp-block-list\"><li>Dra. Amanda Morales de Domenico<\/li><li>Dra. Ana Paula Taketomi<\/li><\/ul>\n\n\n\n<hr class=\"wp-block-separator is-style-wide\"\/>\n\n\n\n<div class=\"wp-block-image\"><figure class=\"aligncenter size-large\"><img loading=\"lazy\" decoding=\"async\" width=\"218\" height=\"217\" src=\"https:\/\/institutodavisao2.websiteseguro.com\/area-do-medico\/wp-content\/uploads\/img-mat1-1-1.png\" alt=\"\" class=\"wp-image-7286\" srcset=\"https:\/\/www.institutodavisao.org.br\/area-do-medico\/wp-content\/uploads\/img-mat1-1-1.png 218w, https:\/\/www.institutodavisao.org.br\/area-do-medico\/wp-content\/uploads\/img-mat1-1-1-150x150.png 150w\" sizes=\"auto, (max-width: 218px) 100vw, 218px\" \/><\/figure><\/div>\n\n\n\n<p class=\"has-text-align-left\">\u201c<em>As melhores expectativas poss\u00edveis para o in\u00edcio do Fellowship em Glaucoma! Pela experi\u00eancia que tive da Resid\u00eancia no IPEPO, tenho toda confian\u00e7a na escolha que fiz, tanto pelos chefes mais capacitados, quanto pelos equipamentos e instala\u00e7\u00f5es de ponta!<br>Orgulho em ser IPEPO!<\/em>\u201d,&nbsp;<strong>declara Amanda Morales de Domenico<\/strong>.<\/p>\n","protected":false},"excerpt":{"rendered":"<p>Parab\u00e9ns aos Fellow selecionados: Programa de Fellowship em IMAGEM EM OFTALMOLOGIA: Dra. Adriana Geremias Toni Programa de Fellowship em RETINA e V\u00cdTREO: Dra. Amanda de Oliveira Dra. Renata Carneiro Bertazzi Programa de Fellowship em Catarata: Dr. Kenzo Saito Tomishige Dra. Jeanne Dayse de Medeiros Matias Programa de Fellowship em Glaucoma: Dra. Amanda Morales de Domenico [&hellip;]<\/p>\n","protected":false},"author":1,"featured_media":7398,"comment_status":"open","ping_status":"open","sticky":false,"template":"","format":"standard","meta":{"_acf_changed":false,"_joinchat":[],"footnotes":""},"categories":[3],"tags":[],"class_list":["post-7279","post","type-post","status-publish","format-standard","has-post-thumbnail","hentry","category-noticias"],"acf":[],"_links":{"self":[{"href":"https:\/\/www.institutodavisao.org.br\/area-do-medico\/wp-json\/wp\/v2\/posts\/7279","targetHints":{"allow":["GET"]}}],"collection":[{"href":"https:\/\/www.institutodavisao.org.br\/area-do-medico\/wp-json\/wp\/v2\/posts"}],"about":[{"href":"https:\/\/www.institutodavisao.org.br\/area-do-medico\/wp-json\/wp\/v2\/types\/post"}],"author":[{"embeddable":true,"href":"https:\/\/www.institutodavisao.org.br\/area-do-medico\/wp-json\/wp\/v2\/users\/1"}],"replies":[{"embeddable":true,"href":"https:\/\/www.institutodavisao.org.br\/area-do-medico\/wp-json\/wp\/v2\/comments?post=7279"}],"version-history":[{"count":12,"href":"https:\/\/www.institutodavisao.org.br\/area-do-medico\/wp-json\/wp\/v2\/posts\/7279\/revisions"}],"predecessor-version":[{"id":7412,"href":"https:\/\/www.institutodavisao.org.br\/area-do-medico\/wp-json\/wp\/v2\/posts\/7279\/revisions\/7412"}],"wp:featuredmedia":[{"embeddable":true,"href":"https:\/\/www.institutodavisao.org.br\/area-do-medico\/wp-json\/wp\/v2\/media\/7398"}],"wp:attachment":[{"href":"https:\/\/www.institutodavisao.org.br\/area-do-medico\/wp-json\/wp\/v2\/media?parent=7279"}],"wp:term":[{"taxonomy":"category","embeddable":true,"href":"https:\/\/www.institutodavisao.org.br\/area-do-medico\/wp-json\/wp\/v2\/categories?post=7279"},{"taxonomy":"post_tag","embeddable":true,"href":"https:\/\/www.institutodavisao.org.br\/area-do-medico\/wp-json\/wp\/v2\/tags?post=7279"}],"curies":[{"name":"wp","href":"https:\/\/api.w.org\/{rel}","templated":true}]}}