{"id":7864,"date":"2020-03-10T13:58:00","date_gmt":"2020-03-10T16:58:00","guid":{"rendered":"https:\/\/institutodavisao2.websiteseguro.com\/area-do-medico\/?p=7864"},"modified":"2021-09-24T10:38:45","modified_gmt":"2021-09-24T13:38:45","slug":"oftalmologista-fique-atento-ao-coronavirus","status":"publish","type":"post","link":"https:\/\/www.institutodavisao.org.br\/area-do-medico\/oftalmologista-fique-atento-ao-coronavirus\/","title":{"rendered":"OFTALMOLOGISTAS, FIQUE ATENTO AO CORONAV\u00cdRUS"},"content":{"rendered":"\n<div class=\"wp-block-image\"><figure class=\"aligncenter size-large\"><img loading=\"lazy\" decoding=\"async\" width=\"610\" height=\"341\" src=\"https:\/\/institutodavisao2.websiteseguro.com\/area-do-medico\/wp-content\/uploads\/covid.png\" alt=\"\" class=\"wp-image-7865\" srcset=\"https:\/\/www.institutodavisao.org.br\/area-do-medico\/wp-content\/uploads\/covid.png 610w, https:\/\/www.institutodavisao.org.br\/area-do-medico\/wp-content\/uploads\/covid-300x168.png 300w, https:\/\/www.institutodavisao.org.br\/area-do-medico\/wp-content\/uploads\/covid-150x84.png 150w\" sizes=\"auto, (max-width: 610px) 100vw, 610px\" \/><\/figure><\/div>\n\n\n\n<p class=\"has-text-align-left\">O que eu, como oftalmologista, preciso saber sobre o Coronav\u00edrus (COVID-19)?<\/p>\n\n\n\n<ul class=\"wp-block-list\"><li>Cerca de 20% dos casos relatados \u00e0 OMS s\u00e3o em profissionais de sa\u00fade;<\/li><li>Transmiss\u00e3o: al\u00e9m de contato direto e got\u00edculas respirat\u00f3rias (humano para humano), pode contaminar superf\u00edcies ambientais, e da\u00ed m\u00e3os e membranas mucosas;<\/li><li>Alguns coronav\u00edrus causam envolvimento ocular e o PCR da l\u00e1grima \u00e9 positivo;<\/li><li>Um dos profissionais de sa\u00fade chin\u00eas que foi afetado pelo COVID-19, apesar de ter usado roupa protetora e m\u00e1scara N95, desenvolveu conjuntivite como primeiro sintoma, seguido de febre, algumas horas depois. Desde ent\u00e3o, o&nbsp;uso de \u00f3culos de prote\u00e7\u00e3o ocular tem sido recomendado&nbsp;na China;<\/li><li>Recomenda\u00e7\u00f5es da OMS: m\u00e1scara facial, \u00f3culos de prote\u00e7\u00e3o, n\u00e3o tocar membranas mucosas (olhos, nariz e boca) e lavar as m\u00e3os;<\/li><li>Pacientes infectados devem ser isolados (quarentena);<\/li><li>Pacientes infectados pelo COVID-19 podem procurar os Pronto Socorros Oftalmol\u00f3gicos com conjuntivite viral. Portanto, questionar: hist\u00f3rico de viagem recente, hist\u00f3rico familiar e sintomas de gripe associados;<\/li><li>Importante manter-se atualizado e sem p\u00e2nico;<\/li><li>Sempre proteger o paciente e a si pr\u00f3prio, bem como os outros;<\/li><li>N\u00e3o tocar na face;<\/li><li>N\u00e3o levar canetas e objetos \u00e0 boca;<\/li><li>Usar \u00e1lcool e&nbsp;<strong>BOM SENSO<\/strong>.<\/li><\/ul>\n\n\n\n<p><em>Refer\u00eancia:&nbsp;Li J-PO, Lam DSC, Chen Y, et al.&nbsp;Br J Ophthalmol&nbsp;2020;104:297\u2013298.<br>Published Online First 13 February 2020<\/em><\/p>\n","protected":false},"excerpt":{"rendered":"<p>O que eu, como oftalmologista, preciso saber sobre o Coronav\u00edrus (COVID-19)? Cerca de 20% dos casos relatados \u00e0 OMS s\u00e3o em profissionais de sa\u00fade; Transmiss\u00e3o: al\u00e9m de contato direto e got\u00edculas respirat\u00f3rias (humano para humano), pode contaminar superf\u00edcies ambientais, e da\u00ed m\u00e3os e membranas mucosas; Alguns coronav\u00edrus causam envolvimento ocular e o PCR da l\u00e1grima [&hellip;]<\/p>\n","protected":false},"author":1,"featured_media":7867,"comment_status":"open","ping_status":"open","sticky":false,"template":"","format":"standard","meta":{"_acf_changed":false,"_joinchat":[],"footnotes":""},"categories":[3],"tags":[],"class_list":["post-7864","post","type-post","status-publish","format-standard","has-post-thumbnail","hentry","category-noticias"],"acf":[],"_links":{"self":[{"href":"https:\/\/www.institutodavisao.org.br\/area-do-medico\/wp-json\/wp\/v2\/posts\/7864","targetHints":{"allow":["GET"]}}],"collection":[{"href":"https:\/\/www.institutodavisao.org.br\/area-do-medico\/wp-json\/wp\/v2\/posts"}],"about":[{"href":"https:\/\/www.institutodavisao.org.br\/area-do-medico\/wp-json\/wp\/v2\/types\/post"}],"author":[{"embeddable":true,"href":"https:\/\/www.institutodavisao.org.br\/area-do-medico\/wp-json\/wp\/v2\/users\/1"}],"replies":[{"embeddable":true,"href":"https:\/\/www.institutodavisao.org.br\/area-do-medico\/wp-json\/wp\/v2\/comments?post=7864"}],"version-history":[{"count":4,"href":"https:\/\/www.institutodavisao.org.br\/area-do-medico\/wp-json\/wp\/v2\/posts\/7864\/revisions"}],"predecessor-version":[{"id":8901,"href":"https:\/\/www.institutodavisao.org.br\/area-do-medico\/wp-json\/wp\/v2\/posts\/7864\/revisions\/8901"}],"wp:featuredmedia":[{"embeddable":true,"href":"https:\/\/www.institutodavisao.org.br\/area-do-medico\/wp-json\/wp\/v2\/media\/7867"}],"wp:attachment":[{"href":"https:\/\/www.institutodavisao.org.br\/area-do-medico\/wp-json\/wp\/v2\/media?parent=7864"}],"wp:term":[{"taxonomy":"category","embeddable":true,"href":"https:\/\/www.institutodavisao.org.br\/area-do-medico\/wp-json\/wp\/v2\/categories?post=7864"},{"taxonomy":"post_tag","embeddable":true,"href":"https:\/\/www.institutodavisao.org.br\/area-do-medico\/wp-json\/wp\/v2\/tags?post=7864"}],"curies":[{"name":"wp","href":"https:\/\/api.w.org\/{rel}","templated":true}]}}