{"id":7879,"date":"2020-03-10T14:08:00","date_gmt":"2020-03-10T17:08:00","guid":{"rendered":"https:\/\/institutodavisao2.websiteseguro.com\/area-do-medico\/?p=7879"},"modified":"2021-09-24T10:47:12","modified_gmt":"2021-09-24T13:47:12","slug":"solenidade-de-posse-da-nova-diretoria-da-academia-nacional-de-medicina","status":"publish","type":"post","link":"https:\/\/www.institutodavisao.org.br\/area-do-medico\/solenidade-de-posse-da-nova-diretoria-da-academia-nacional-de-medicina\/","title":{"rendered":"SOLENIDADE DE POSSE DA NOVA DIRETORIA DA ACADEMIA NACIONAL DE MEDICINA"},"content":{"rendered":"\n<p>Em 3 de mar\u00e7o, aconteceu na sede da&nbsp;<a rel=\"noreferrer noopener\" href=\"http:\/\/www.anm.org.br\/\" target=\"_blank\">Academia Nacional de Medicina<\/a>&nbsp;(ANM), a sess\u00e3o solene de posse da Nova Diretoria, para o bi\u00eanio 2020-2021, que traz o&nbsp;<strong>Prof. Dr. Rubens Belfort Jr.<\/strong>&nbsp;como Presidente, em substitui\u00e7\u00e3o ao&nbsp;<a rel=\"noreferrer noopener\" href=\"http:\/\/www.anm.org.br\/conteudo_view.asp?id=449\" target=\"_blank\">Prof. Dr. Jorge Alberto Costa e Silva<\/a>, que ocupou a Presid\u00eancia da Associa\u00e7\u00e3o de 2017-2019.<\/p>\n\n\n\n<div class=\"wp-block-image\"><figure class=\"aligncenter size-large\"><img loading=\"lazy\" decoding=\"async\" width=\"550\" height=\"844\" src=\"https:\/\/institutodavisao2.websiteseguro.com\/area-do-medico\/wp-content\/uploads\/anm-1.png\" alt=\"\" class=\"wp-image-7881\" srcset=\"https:\/\/www.institutodavisao.org.br\/area-do-medico\/wp-content\/uploads\/anm-1.png 550w, https:\/\/www.institutodavisao.org.br\/area-do-medico\/wp-content\/uploads\/anm-1-195x300.png 195w, https:\/\/www.institutodavisao.org.br\/area-do-medico\/wp-content\/uploads\/anm-1-98x150.png 98w\" sizes=\"auto, (max-width: 550px) 100vw, 550px\" \/><\/figure><\/div>\n\n\n\n<p>Posse da nova Diretoria da ANM \u00e9 registrada pela Ag\u00eancia Fapesp. Clique na imagem e leia mat\u00e9ria na \u00edntegra.<\/p>\n\n\n\n<div class=\"wp-block-image\"><figure class=\"aligncenter size-large is-resized\"><a href=\"http:\/\/agencia.fapesp.br\/nova-diretoria-assume-academia-nacional-de-medicina\/32648\/\" target=\"_blank\" rel=\"noopener\"><img loading=\"lazy\" decoding=\"async\" src=\"https:\/\/institutodavisao2.websiteseguro.com\/area-do-medico\/wp-content\/uploads\/fapesp-anm.jpg\" alt=\"\" class=\"wp-image-7882\" width=\"550\" height=\"483\" srcset=\"https:\/\/www.institutodavisao.org.br\/area-do-medico\/wp-content\/uploads\/fapesp-anm.jpg 550w, https:\/\/www.institutodavisao.org.br\/area-do-medico\/wp-content\/uploads\/fapesp-anm-300x263.jpg 300w, https:\/\/www.institutodavisao.org.br\/area-do-medico\/wp-content\/uploads\/fapesp-anm-150x132.jpg 150w\" sizes=\"auto, (max-width: 550px) 100vw, 550px\" \/><\/a><\/figure><\/div>\n\n\n\n<hr class=\"wp-block-separator\"\/>\n\n\n\n<p class=\"has-text-align-center\"><strong>INSCRI\u00c7\u00d5ES AT\u00c9 31 DE MAR\u00c7O<\/strong><\/p>\n\n\n\n<div class=\"wp-block-image\"><figure class=\"aligncenter size-large is-resized\"><a href=\"http:\/\/www.anm.org.br\/premios.asp\" target=\"_blank\" rel=\"noopener\"><img loading=\"lazy\" decoding=\"async\" src=\"https:\/\/institutodavisao2.websiteseguro.com\/area-do-medico\/wp-content\/uploads\/premio-anm.jpg\" alt=\"\" class=\"wp-image-7884\" width=\"550\" height=\"998\" srcset=\"https:\/\/www.institutodavisao.org.br\/area-do-medico\/wp-content\/uploads\/premio-anm.jpg 550w, https:\/\/www.institutodavisao.org.br\/area-do-medico\/wp-content\/uploads\/premio-anm-165x300.jpg 165w, https:\/\/www.institutodavisao.org.br\/area-do-medico\/wp-content\/uploads\/premio-anm-83x150.jpg 83w\" sizes=\"auto, (max-width: 550px) 100vw, 550px\" \/><\/a><\/figure><\/div>\n\n\n\n<p><\/p>\n","protected":false},"excerpt":{"rendered":"<p>Em 3 de mar\u00e7o, aconteceu na sede da&nbsp;Academia Nacional de Medicina&nbsp;(ANM), a sess\u00e3o solene de posse da Nova Diretoria, para o bi\u00eanio 2020-2021, que traz o&nbsp;Prof. Dr. Rubens Belfort Jr.&nbsp;como Presidente, em substitui\u00e7\u00e3o ao&nbsp;Prof. Dr. Jorge Alberto Costa e Silva, que ocupou a Presid\u00eancia da Associa\u00e7\u00e3o de 2017-2019. Posse da nova Diretoria da ANM \u00e9 [&hellip;]<\/p>\n","protected":false},"author":1,"featured_media":7887,"comment_status":"open","ping_status":"open","sticky":false,"template":"","format":"standard","meta":{"_acf_changed":false,"_joinchat":[],"footnotes":""},"categories":[3],"tags":[],"class_list":["post-7879","post","type-post","status-publish","format-standard","has-post-thumbnail","hentry","category-noticias"],"acf":[],"_links":{"self":[{"href":"https:\/\/www.institutodavisao.org.br\/area-do-medico\/wp-json\/wp\/v2\/posts\/7879","targetHints":{"allow":["GET"]}}],"collection":[{"href":"https:\/\/www.institutodavisao.org.br\/area-do-medico\/wp-json\/wp\/v2\/posts"}],"about":[{"href":"https:\/\/www.institutodavisao.org.br\/area-do-medico\/wp-json\/wp\/v2\/types\/post"}],"author":[{"embeddable":true,"href":"https:\/\/www.institutodavisao.org.br\/area-do-medico\/wp-json\/wp\/v2\/users\/1"}],"replies":[{"embeddable":true,"href":"https:\/\/www.institutodavisao.org.br\/area-do-medico\/wp-json\/wp\/v2\/comments?post=7879"}],"version-history":[{"count":2,"href":"https:\/\/www.institutodavisao.org.br\/area-do-medico\/wp-json\/wp\/v2\/posts\/7879\/revisions"}],"predecessor-version":[{"id":8907,"href":"https:\/\/www.institutodavisao.org.br\/area-do-medico\/wp-json\/wp\/v2\/posts\/7879\/revisions\/8907"}],"wp:featuredmedia":[{"embeddable":true,"href":"https:\/\/www.institutodavisao.org.br\/area-do-medico\/wp-json\/wp\/v2\/media\/7887"}],"wp:attachment":[{"href":"https:\/\/www.institutodavisao.org.br\/area-do-medico\/wp-json\/wp\/v2\/media?parent=7879"}],"wp:term":[{"taxonomy":"category","embeddable":true,"href":"https:\/\/www.institutodavisao.org.br\/area-do-medico\/wp-json\/wp\/v2\/categories?post=7879"},{"taxonomy":"post_tag","embeddable":true,"href":"https:\/\/www.institutodavisao.org.br\/area-do-medico\/wp-json\/wp\/v2\/tags?post=7879"}],"curies":[{"name":"wp","href":"https:\/\/api.w.org\/{rel}","templated":true}]}}