{"id":8229,"date":"2021-04-09T11:06:00","date_gmt":"2021-04-09T14:06:00","guid":{"rendered":"https:\/\/institutodavisao2.websiteseguro.com\/area-do-medico\/?p=8229"},"modified":"2021-09-22T10:30:48","modified_gmt":"2021-09-22T13:30:48","slug":"curso-solix-full-range-oct-do-ipepo","status":"publish","type":"post","link":"https:\/\/www.institutodavisao.org.br\/area-do-medico\/curso-solix-full-range-oct-do-ipepo\/","title":{"rendered":"CURSO SOLIX FULL RANGE OCT DO IPEPO"},"content":{"rendered":"\n<div class=\"wp-block-image\"><figure class=\"aligncenter size-full\"><img loading=\"lazy\" decoding=\"async\" width=\"500\" height=\"311\" src=\"https:\/\/institutodavisao2.websiteseguro.com\/area-do-medico\/wp-content\/uploads\/img-mat3-2.png\" alt=\"\" class=\"wp-image-8230\" srcset=\"https:\/\/www.institutodavisao.org.br\/area-do-medico\/wp-content\/uploads\/img-mat3-2.png 500w, https:\/\/www.institutodavisao.org.br\/area-do-medico\/wp-content\/uploads\/img-mat3-2-300x187.png 300w, https:\/\/www.institutodavisao.org.br\/area-do-medico\/wp-content\/uploads\/img-mat3-2-150x93.png 150w\" sizes=\"auto, (max-width: 500px) 100vw, 500px\" \/><\/figure><\/div>\n\n\n\n<p>No dia 27 de mar\u00e7o, das 9h \u00e0s 12h, aconteceu, pela Plataforma Zoom, o curso\u00a0<strong>Solix Full Range OCT \u2013 Experi\u00eancia Brasileira e Internacional<\/strong>\u00a0do Instituto da Vis\u00e3o \u2013 IPEPO. Sob a coordena\u00e7\u00e3o dos Profs. Drs. Rubens Belfort Jr., Ivan Tavares, Maur\u00edcio Maia e Michel Farah, e dire\u00e7\u00e3o da Dra. Paola Napolitano, o curso atingiu o limite de lota\u00e7\u00e3o da sala de aula, com participa\u00e7\u00e3o de 300 alunos, al\u00e9m dos que assistiram a transmiss\u00e3o ao vivo pelo YouTube.<\/p>\n\n\n\n<div class=\"wp-block-image\"><figure class=\"aligncenter size-full\"><img loading=\"lazy\" decoding=\"async\" width=\"500\" height=\"298\" src=\"https:\/\/institutodavisao2.websiteseguro.com\/area-do-medico\/wp-content\/uploads\/img-mat3-1.gif\" alt=\"\" class=\"wp-image-8232\"\/><\/figure><\/div>\n\n\n\n<p><\/p>\n","protected":false},"excerpt":{"rendered":"<p>No dia 27 de mar\u00e7o, das 9h \u00e0s 12h, aconteceu, pela Plataforma Zoom, o curso\u00a0Solix Full Range OCT \u2013 Experi\u00eancia Brasileira e Internacional\u00a0do Instituto da Vis\u00e3o \u2013 IPEPO. Sob a coordena\u00e7\u00e3o dos Profs. Drs. Rubens Belfort Jr., Ivan Tavares, Maur\u00edcio Maia e Michel Farah, e dire\u00e7\u00e3o da Dra. Paola Napolitano, o curso atingiu o limite [&hellip;]<\/p>\n","protected":false},"author":1,"featured_media":8234,"comment_status":"open","ping_status":"open","sticky":false,"template":"","format":"standard","meta":{"_acf_changed":false,"_joinchat":[],"footnotes":""},"categories":[3],"tags":[],"class_list":["post-8229","post","type-post","status-publish","format-standard","has-post-thumbnail","hentry","category-noticias"],"acf":[],"_links":{"self":[{"href":"https:\/\/www.institutodavisao.org.br\/area-do-medico\/wp-json\/wp\/v2\/posts\/8229","targetHints":{"allow":["GET"]}}],"collection":[{"href":"https:\/\/www.institutodavisao.org.br\/area-do-medico\/wp-json\/wp\/v2\/posts"}],"about":[{"href":"https:\/\/www.institutodavisao.org.br\/area-do-medico\/wp-json\/wp\/v2\/types\/post"}],"author":[{"embeddable":true,"href":"https:\/\/www.institutodavisao.org.br\/area-do-medico\/wp-json\/wp\/v2\/users\/1"}],"replies":[{"embeddable":true,"href":"https:\/\/www.institutodavisao.org.br\/area-do-medico\/wp-json\/wp\/v2\/comments?post=8229"}],"version-history":[{"count":2,"href":"https:\/\/www.institutodavisao.org.br\/area-do-medico\/wp-json\/wp\/v2\/posts\/8229\/revisions"}],"predecessor-version":[{"id":8233,"href":"https:\/\/www.institutodavisao.org.br\/area-do-medico\/wp-json\/wp\/v2\/posts\/8229\/revisions\/8233"}],"wp:featuredmedia":[{"embeddable":true,"href":"https:\/\/www.institutodavisao.org.br\/area-do-medico\/wp-json\/wp\/v2\/media\/8234"}],"wp:attachment":[{"href":"https:\/\/www.institutodavisao.org.br\/area-do-medico\/wp-json\/wp\/v2\/media?parent=8229"}],"wp:term":[{"taxonomy":"category","embeddable":true,"href":"https:\/\/www.institutodavisao.org.br\/area-do-medico\/wp-json\/wp\/v2\/categories?post=8229"},{"taxonomy":"post_tag","embeddable":true,"href":"https:\/\/www.institutodavisao.org.br\/area-do-medico\/wp-json\/wp\/v2\/tags?post=8229"}],"curies":[{"name":"wp","href":"https:\/\/api.w.org\/{rel}","templated":true}]}}