{"id":8615,"date":"2020-09-14T11:32:00","date_gmt":"2020-09-14T14:32:00","guid":{"rendered":"https:\/\/institutodavisao2.websiteseguro.com\/area-do-medico\/?p=8615"},"modified":"2021-09-30T08:35:11","modified_gmt":"2021-09-30T11:35:11","slug":"thiago-cabral-recebe-o-principal-premio-da-amn","status":"publish","type":"post","link":"https:\/\/www.institutodavisao.org.br\/area-do-medico\/thiago-cabral-recebe-o-principal-premio-da-amn\/","title":{"rendered":"THIAGO CABRAL RECEBE O PRINCIPAL PR\u00caMIO DA AMN"},"content":{"rendered":"\n<div class=\"wp-block-image\"><figure class=\"aligncenter\"><img decoding=\"async\" src=\"https:\/\/www.institutodavisao.org.br\/informativo\/2020\/09-14\/images\/img-mat2.png\" alt=\"\"\/><\/figure><\/div>\n\n\n\n<p>Em 6 de agosto, aconteceu a cerim\u00f4nia de premia\u00e7\u00e3o 2020 da Academia Nacional de Medicina (ANM), durante sess\u00e3o cient\u00edfica virtual. O destaque deste ano \u201cPr\u00eamio Academia Nacional de Medicina\u201d foi para a pesquisa \u201cAngiog\u00eanese da retina e coroide: biomarcadores e engenharia gen\u00e9tica\u201d de autoria de Thiago Cabral, doutor em Oftalmologia e Ci\u00eancias Visuais pela Escola Paulista de Medicina \/ UNIFESP e professor na Universidade Federal do Esp\u00edrito Santo. O estudo sobre avan\u00e7os para o tratamento da degenera\u00e7\u00e3o macular teve coautoria de Luiz Guilherme Marchesi Mello e J\u00falia Polido (Ufes), Caio Regatieri, Luiz H. Lima e Maur\u00edcio Maia (Escola Paulista de Medicina\/Unifesp), Stephen Tsang (Columbia University), Akiyoshi Oshima e Pedro Serracarbassa (Hospital do Servidor P\u00fablico Estadual de S\u00e3o Paulo) e Vinit Mahajan (Stanford University).<\/p>\n\n\n\n<p>O Dr. Thiago Cabral, apesar de todas as suas conquistas, n\u00e3o abre m\u00e3o de estudar e adquirir mais conhecimentos. Atualmente, \u00e9 aluno do MBA em Gest\u00e3o de Neg\u00f3cios em Oftalmologia do Instituto da Vis\u00e3o \u2013 IPEPO e declarou-se extremamente feliz pelo importante reconhecimento da ANM.<\/p>\n\n\n\n<figure class=\"wp-block-table\"><table><tbody><tr><td><em>\u201cNa edi\u00e7\u00e3o deste ano do Pr\u00eamio ANM, houve um recorde de inscritos: foram 63 candidaturas para as nove categorias, e nosso trabalho foi agraciado com a principal premia\u00e7\u00e3o &#8211; Pr\u00eamio Academia Nacional de Medicina, o que muito nos honra pela import\u00e2ncia da Academia e pela qualidade das outras pesquisas concorrentes.<br><br>Atualmente, estima-se que a cegueira afete 39 milh\u00f5es de pessoas em todo o mundo e que 246 milh\u00f5es sofram de perda moderada ou severa da vis\u00e3o. Os dados s\u00e3o da Organiza\u00e7\u00e3o Mundial da Sa\u00fade (OMS). No Brasil, baseado em \u00edndices do Instituto Brasileiro de Geografia e Estat\u00edstica (IBGE), acredita-se que 1.577.016 de indiv\u00edduos sejam cegos, o equivalente a 0,75% da popula\u00e7\u00e3o nacional, e quase 30 milh\u00f5es de pessoas tenham algum grau de defici\u00eancia visual \u2013 \u00e9 um grande problema de sa\u00fade p\u00fablica, muitas vezes negligenciado pelos nossos gestores.<br><br>Nosso estudo avaliou principalmente as doen\u00e7as da Retina relacionadas com a idade (doen\u00e7a macular relacionada a idade &#8211; DMRI), com o Diabetes (retinopatia diab\u00e9tica) e as doen\u00e7as dos vasos sangu\u00edneos do olho (trombose das veias da retina). Doen\u00e7as respons\u00e1veis pela maior parte dos indiv\u00edduos cegos irreversivelmente, junto com o Glaucoma. N\u00f3s conseguimos mostrar que h\u00e1 muito ainda a se descobrir sobre novos tratamentos, inclusive o uso de terapia gen\u00e9tica e modifica\u00e7\u00e3o no DNA podem ser novas frentes de cura. Os tratamentos dispon\u00edveis hoje s\u00e3o ainda pouco eficazes e necessitam de m\u00faltiplas e caras inje\u00e7\u00f5es dentro do olho, h\u00e1 muita medica\u00e7\u00e3o nova surgindo nos pr\u00f3ximos anos. A ideia \u00e9 que nossa pesquisa seja incentivo para que novos alvos de tratamento sejam encontrados\u201d<\/em>,&nbsp;<strong>declara Thiago Cabral.<\/strong><\/td><\/tr><\/tbody><\/table><\/figure>\n\n\n\n<p>Mais informa\u00e7\u00f5es sobre a premia\u00e7\u00e3o e a pesquisa, podem ser acessadas pelos links:<\/p>\n\n\n\n<figure class=\"wp-block-table\"><table><tbody><tr><td><a href=\"https:\/\/emailmarketing.locaweb.com.br\/accounts\/121915\/messages\/398\/clicks\/[id]\/1525\" target=\"_blank\" rel=\"noreferrer noopener\">https:\/\/www.unifesp.br\/noticias-anteriores\/item\/4641-trabalhos-da-epm-unifesp-sao-premiados-pela-academia-nacional-de-medicina<\/a><br><br><a href=\"https:\/\/emailmarketing.locaweb.com.br\/accounts\/121915\/messages\/398\/clicks\/[id]\/1526\" target=\"_blank\" rel=\"noreferrer noopener\">http:\/\/www.anm.org.br\/informativo\/2020\/08-06\/<\/a><br><br><a href=\"https:\/\/emailmarketing.locaweb.com.br\/accounts\/121915\/messages\/398\/clicks\/[id]\/1527\" target=\"_blank\" rel=\"noreferrer noopener\">http:\/\/www.ufes.br\/conteudo\/estudo-de-professor-da-ufes-recebe-maior-premiacao-da-academia-nacional-de-medicina<\/a>&nbsp;<\/td><\/tr><tr><td>&nbsp;<\/td><\/tr><\/tbody><\/table><\/figure>\n","protected":false},"excerpt":{"rendered":"<p>Em 6 de agosto, aconteceu a cerim\u00f4nia de premia\u00e7\u00e3o 2020 da Academia Nacional de Medicina (ANM), durante sess\u00e3o cient\u00edfica virtual. O destaque deste ano \u201cPr\u00eamio Academia Nacional de Medicina\u201d foi para a pesquisa \u201cAngiog\u00eanese da retina e coroide: biomarcadores e engenharia gen\u00e9tica\u201d de autoria de Thiago Cabral, doutor em Oftalmologia e Ci\u00eancias Visuais pela Escola [&hellip;]<\/p>\n","protected":false},"author":1,"featured_media":8616,"comment_status":"open","ping_status":"open","sticky":false,"template":"","format":"standard","meta":{"_acf_changed":false,"_joinchat":[],"footnotes":""},"categories":[3],"tags":[],"class_list":["post-8615","post","type-post","status-publish","format-standard","has-post-thumbnail","hentry","category-noticias"],"acf":[],"_links":{"self":[{"href":"https:\/\/www.institutodavisao.org.br\/area-do-medico\/wp-json\/wp\/v2\/posts\/8615","targetHints":{"allow":["GET"]}}],"collection":[{"href":"https:\/\/www.institutodavisao.org.br\/area-do-medico\/wp-json\/wp\/v2\/posts"}],"about":[{"href":"https:\/\/www.institutodavisao.org.br\/area-do-medico\/wp-json\/wp\/v2\/types\/post"}],"author":[{"embeddable":true,"href":"https:\/\/www.institutodavisao.org.br\/area-do-medico\/wp-json\/wp\/v2\/users\/1"}],"replies":[{"embeddable":true,"href":"https:\/\/www.institutodavisao.org.br\/area-do-medico\/wp-json\/wp\/v2\/comments?post=8615"}],"version-history":[{"count":2,"href":"https:\/\/www.institutodavisao.org.br\/area-do-medico\/wp-json\/wp\/v2\/posts\/8615\/revisions"}],"predecessor-version":[{"id":9022,"href":"https:\/\/www.institutodavisao.org.br\/area-do-medico\/wp-json\/wp\/v2\/posts\/8615\/revisions\/9022"}],"wp:featuredmedia":[{"embeddable":true,"href":"https:\/\/www.institutodavisao.org.br\/area-do-medico\/wp-json\/wp\/v2\/media\/8616"}],"wp:attachment":[{"href":"https:\/\/www.institutodavisao.org.br\/area-do-medico\/wp-json\/wp\/v2\/media?parent=8615"}],"wp:term":[{"taxonomy":"category","embeddable":true,"href":"https:\/\/www.institutodavisao.org.br\/area-do-medico\/wp-json\/wp\/v2\/categories?post=8615"},{"taxonomy":"post_tag","embeddable":true,"href":"https:\/\/www.institutodavisao.org.br\/area-do-medico\/wp-json\/wp\/v2\/tags?post=8615"}],"curies":[{"name":"wp","href":"https:\/\/api.w.org\/{rel}","templated":true}]}}