{"id":8755,"date":"2021-07-08T09:40:00","date_gmt":"2021-07-08T12:40:00","guid":{"rendered":"https:\/\/institutodavisao2.websiteseguro.com\/area-do-medico\/?p=8755"},"modified":"2021-08-27T09:45:36","modified_gmt":"2021-08-27T12:45:36","slug":"um-sonho-realizado","status":"publish","type":"post","link":"https:\/\/www.institutodavisao.org.br\/area-do-medico\/um-sonho-realizado\/","title":{"rendered":"UM SONHO REALIZADO"},"content":{"rendered":"\n<div class=\"wp-block-image\"><figure class=\"aligncenter\"><img decoding=\"async\" src=\"https:\/\/www.institutodavisao.org.br\/informativo\/2021\/07-09\/images\/img-mat4.png\" alt=\"\"\/><\/figure><\/div>\n\n\n\n<p>O \u00faltimo dia 10 de junho foi um dia especial para a nossa colaboradora <strong>Maria Lucia Macedo,<\/strong> e consequentemente foi especial tamb\u00e9m para toda a equipe IPEPO. Nesse dia, aconteceu a sua t\u00e3o sonhada Cola\u00e7\u00e3o de Grau.<\/p>\n\n\n\n<p>L\u00facia iniciou no Instituto da Vis\u00e3o &#8211; IPEPO em 5 de abril de 2010 para ocupar a posi\u00e7\u00e3o de Assistente T\u00e9cnico Financeiro, e sua primeira atividade foi cuidar dos recebimentos de particulares no IPEPO (Caixa). Com o seu bom desempenho, sempre com muito respeito e comprometimento, foi se destacando e conquistando posi\u00e7\u00e3o dentro do Setor Financeiro.<br>Em abril de 2014, L\u00facia passou para o Setor de Assuntos P\u00fablicos. Hoje, ela \u00e9 supervisora de Assuntos P\u00fablicos e tem um auxiliar sob sua supervis\u00e3o.<\/p>\n\n\n\n<p>Recentemente, surgiu uma oportunidade que L\u00facia n\u00e3o desperdi\u00e7ou, a de voltar aos estudos e cursar gradua\u00e7\u00e3o em Gest\u00e3o Hospitalar, no curso oferecido pela Faculdade Paulista de Ci\u00eancias da Sa\u00fade (SPDM). Assim, come\u00e7ou a nova caminhada de L\u00facia, indo \u00e0 Faculdade todas as noites, ap\u00f3s o expediente no IPEPO, rumo \u00e0 sua t\u00e3o desejada forma\u00e7\u00e3o.<\/p>\n\n\n\n<p>L\u00facia, estamos muito felizes com a sua conquista. Desejamos que voc\u00ea sempre cres\u00e7a junto com o IPEPO e tenha muito sucesso em sua carreira.<\/p>\n\n\n\n<p>Parab\u00e9ns!<\/p>\n\n\n\n<p>\u201cQuerida Lucia,<\/p>\n\n\n\n<p>Tenho o prazer de acompanhar a sua jornada, desde o seu in\u00edcio no IPEPO.<\/p>\n\n\n\n<p>\u00c9 not\u00f3rio o seu desenvolvimento profissional !!!<\/p>\n\n\n\n<p>No decorrer dos anos, voc\u00ea foi se aprimorando, adquirindo conhecimentos, compet\u00eancias e consequentemente se tornou a grande profissional que \u00e9.<\/p>\n\n\n\n<p>Hoje voc\u00ea conseguiu realizar um grande sonho, se formou em Gest\u00e3o Hospitalar e nos encheu de orgulho!<\/p>\n\n\n\n<p>Parab\u00e9ns pela sua conquista, desejo que consiga alcan\u00e7ar voos ainda mais altos e, sempre que precisar, conte conosco!&#8221;.<\/p>\n\n\n\n<p><strong>Allan Rodrigues<\/strong>, RH do Instituto da Vis\u00e3o<\/p>\n","protected":false},"excerpt":{"rendered":"<p>O \u00faltimo dia 10 de junho foi um dia especial para a nossa colaboradora Maria Lucia Macedo, e consequentemente foi especial tamb\u00e9m para toda a equipe IPEPO. Nesse dia, aconteceu a sua t\u00e3o sonhada Cola\u00e7\u00e3o de Grau. L\u00facia iniciou no Instituto da Vis\u00e3o &#8211; IPEPO em 5 de abril de 2010 para ocupar a posi\u00e7\u00e3o [&hellip;]<\/p>\n","protected":false},"author":1,"featured_media":8756,"comment_status":"open","ping_status":"open","sticky":false,"template":"","format":"standard","meta":{"_acf_changed":false,"_joinchat":[],"footnotes":""},"categories":[3],"tags":[],"class_list":["post-8755","post","type-post","status-publish","format-standard","has-post-thumbnail","hentry","category-noticias"],"acf":[],"_links":{"self":[{"href":"https:\/\/www.institutodavisao.org.br\/area-do-medico\/wp-json\/wp\/v2\/posts\/8755","targetHints":{"allow":["GET"]}}],"collection":[{"href":"https:\/\/www.institutodavisao.org.br\/area-do-medico\/wp-json\/wp\/v2\/posts"}],"about":[{"href":"https:\/\/www.institutodavisao.org.br\/area-do-medico\/wp-json\/wp\/v2\/types\/post"}],"author":[{"embeddable":true,"href":"https:\/\/www.institutodavisao.org.br\/area-do-medico\/wp-json\/wp\/v2\/users\/1"}],"replies":[{"embeddable":true,"href":"https:\/\/www.institutodavisao.org.br\/area-do-medico\/wp-json\/wp\/v2\/comments?post=8755"}],"version-history":[{"count":1,"href":"https:\/\/www.institutodavisao.org.br\/area-do-medico\/wp-json\/wp\/v2\/posts\/8755\/revisions"}],"predecessor-version":[{"id":8757,"href":"https:\/\/www.institutodavisao.org.br\/area-do-medico\/wp-json\/wp\/v2\/posts\/8755\/revisions\/8757"}],"wp:featuredmedia":[{"embeddable":true,"href":"https:\/\/www.institutodavisao.org.br\/area-do-medico\/wp-json\/wp\/v2\/media\/8756"}],"wp:attachment":[{"href":"https:\/\/www.institutodavisao.org.br\/area-do-medico\/wp-json\/wp\/v2\/media?parent=8755"}],"wp:term":[{"taxonomy":"category","embeddable":true,"href":"https:\/\/www.institutodavisao.org.br\/area-do-medico\/wp-json\/wp\/v2\/categories?post=8755"},{"taxonomy":"post_tag","embeddable":true,"href":"https:\/\/www.institutodavisao.org.br\/area-do-medico\/wp-json\/wp\/v2\/tags?post=8755"}],"curies":[{"name":"wp","href":"https:\/\/api.w.org\/{rel}","templated":true}]}}