{"id":5932,"date":"2020-06-15T13:06:11","date_gmt":"2020-06-15T16:06:11","guid":{"rendered":"https:\/\/www.institutodavisao.org.br\/site\/area-do-paciente\/?p=5932"},"modified":"2021-06-23T16:58:53","modified_gmt":"2021-06-23T19:58:53","slug":"unidade-varzea-do-carmo","status":"publish","type":"post","link":"https:\/\/www.institutodavisao.org.br\/area-do-paciente\/unidade-varzea-do-carmo\/","title":{"rendered":"Unidade V\u00e1rzea do Carmo"},"content":{"rendered":"\n<p>O Instituto Paulista de Estudos e Pesquisa em Oftalmologia &#8211; IPEPO passou a atuar em V\u00e1rzea do Carmo com a cria\u00e7\u00e3o do Centro de Diagn\u00f3stico e Tratamento de Doen\u00e7as da Retina. A atua\u00e7\u00e3o vem se consolidando no Ambulat\u00f3rio de Especialidades NGA-63 V\u00e1rzea do Carmo, mediante um conv\u00eanio com a Secretaria de Estado da Sa\u00fade de S\u00e3o Paulo que busca oferecer melhores a\u00e7\u00f5es de diagn\u00f3stico e terap\u00eautica em Oftalmologia na regi\u00e3o. Desde 2013, o Instituto Paulista de Estudos e Pesquisa em Oftalmologia &#8211; IPEPO j\u00e1 atua com o atendimento ampliado do servi\u00e7o de oftalmologia para incluir os pacientes com glaucoma.<\/p>\n\n\n\n<p>Para 2019, foi alcan\u00e7ado um novo sucesso no atendimento e no tratamento dos casos mais complexos de retina que vieram da rede SUS, por meio da realiza\u00e7\u00e3o de cirurgias de retina como a vitrectomia e inje\u00e7\u00f5es intrav\u00edtreas anti-VEGF que atuam no tratamento de doen\u00e7as como a degenera\u00e7\u00e3o macular relacionada \u00e0 idade e \u00e0s retinopatias vasculares relacionadas a doen\u00e7as sist\u00eamicas, como o diabetes mellitus e a hipertens\u00e3o arterial sist\u00eamica (HAS).<\/p>\n\n\n\n<p>Sem d\u00favidas, a presen\u00e7a do Instituto Paulista de Estudos e Pesquisa em Oftalmologia &#8211; IPEPO em V\u00e1rzea do Carmo \u00e9 um consider\u00e1vel diferencial com o servi\u00e7o prestado pelo centro de diagn\u00f3stico de \u00faltima gera\u00e7\u00e3o. O lugar proporciona excel\u00eancia no atendimento oftalmol\u00f3gico, tanto para a detec\u00e7\u00e3o de problemas quanto para o tratamento que poucos lugares realizam, porque a equipe \u00e9 altamente qualificada para casos de alta complexidade, com muito profissionalismo e respeito ao paciente.<\/p>\n\n\n\n<p><strong>Endere\u00e7o:<\/strong> Rua Leopoldo Miguez, 327 Cambuci &#8211; S\u00e3o Paulo\/SP. CEP: 01518-020<br><strong>Atendimento:<\/strong> Segunda a sexta-feira, das 7h \u00e0s 16h48<br><strong><strong>Tel:<\/strong> <\/strong>(11) 5555-7438 | (11) 5555-7439<strong><br><\/strong><\/p>\n","protected":false},"excerpt":{"rendered":"<p>O Instituto Paulista de Estudos e Pesquisa em Oftalmologia &#8211; IPEPO passou a atuar em V\u00e1rzea do Carmo com a cria\u00e7\u00e3o do Centro de Diagn\u00f3stico e Tratamento de Doen\u00e7as da Retina. A atua\u00e7\u00e3o vem se consolidando no Ambulat\u00f3rio de Especialidades NGA-63 V\u00e1rzea do Carmo, mediante um conv\u00eanio com a Secretaria de Estado da Sa\u00fade de [&hellip;]<\/p>\n","protected":false},"author":3,"featured_media":6368,"comment_status":"open","ping_status":"open","sticky":false,"template":"","format":"standard","meta":{"_acf_changed":false,"_joinchat":[],"footnotes":""},"categories":[203],"tags":[],"class_list":["post-5932","post","type-post","status-publish","format-standard","has-post-thumbnail","hentry","category-unidades"],"acf":[],"_links":{"self":[{"href":"https:\/\/www.institutodavisao.org.br\/area-do-paciente\/wp-json\/wp\/v2\/posts\/5932","targetHints":{"allow":["GET"]}}],"collection":[{"href":"https:\/\/www.institutodavisao.org.br\/area-do-paciente\/wp-json\/wp\/v2\/posts"}],"about":[{"href":"https:\/\/www.institutodavisao.org.br\/area-do-paciente\/wp-json\/wp\/v2\/types\/post"}],"author":[{"embeddable":true,"href":"https:\/\/www.institutodavisao.org.br\/area-do-paciente\/wp-json\/wp\/v2\/users\/3"}],"replies":[{"embeddable":true,"href":"https:\/\/www.institutodavisao.org.br\/area-do-paciente\/wp-json\/wp\/v2\/comments?post=5932"}],"version-history":[{"count":5,"href":"https:\/\/www.institutodavisao.org.br\/area-do-paciente\/wp-json\/wp\/v2\/posts\/5932\/revisions"}],"predecessor-version":[{"id":7593,"href":"https:\/\/www.institutodavisao.org.br\/area-do-paciente\/wp-json\/wp\/v2\/posts\/5932\/revisions\/7593"}],"wp:featuredmedia":[{"embeddable":true,"href":"https:\/\/www.institutodavisao.org.br\/area-do-paciente\/wp-json\/wp\/v2\/media\/6368"}],"wp:attachment":[{"href":"https:\/\/www.institutodavisao.org.br\/area-do-paciente\/wp-json\/wp\/v2\/media?parent=5932"}],"wp:term":[{"taxonomy":"category","embeddable":true,"href":"https:\/\/www.institutodavisao.org.br\/area-do-paciente\/wp-json\/wp\/v2\/categories?post=5932"},{"taxonomy":"post_tag","embeddable":true,"href":"https:\/\/www.institutodavisao.org.br\/area-do-paciente\/wp-json\/wp\/v2\/tags?post=5932"}],"curies":[{"name":"wp","href":"https:\/\/api.w.org\/{rel}","templated":true}]}}