{"id":6743,"date":"2020-09-24T13:12:13","date_gmt":"2020-09-24T16:12:13","guid":{"rendered":"https:\/\/www.institutodavisao.org.br\/site\/area-do-paciente\/?p=6743"},"modified":"2020-09-29T10:41:21","modified_gmt":"2020-09-29T13:41:21","slug":"auto-refracao","status":"publish","type":"post","link":"https:\/\/www.institutodavisao.org.br\/area-do-paciente\/auto-refracao\/","title":{"rendered":"AUTO-REFRA\u00c7\u00c3O"},"content":{"rendered":"\n<p><strong>Exame que quantifica aproximadamente o grau, o tipo de erro refracional e o eixo de astigmatismo de cada olho. Ap\u00f3s esse exame, o grau \u00e9 confirmado de forma mais detalhada atrav\u00e9s do exame de refra\u00e7\u00e3o junto ao m\u00e9dico Oftalmologista.<\/strong><\/p>\n\n\n\n<h3 class=\"wp-block-heading\">Preparo:<\/h3>\n\n\n\n<p>Necess\u00e1rio suspender uso de lentes de contato, no m\u00ednimo, 4 dias antes do exame, ou prazo determinado pelo seu m\u00e9dico.<\/p>\n","protected":false},"excerpt":{"rendered":"<p>Exame que quantifica aproximadamente o grau, o tipo de erro refracional e o eixo de astigmatismo de cada olho. Ap\u00f3s esse exame, o grau \u00e9 confirmado de forma mais detalhada atrav\u00e9s do exame de refra\u00e7\u00e3o junto ao m\u00e9dico Oftalmologista. Preparo: Necess\u00e1rio suspender uso de lentes de contato, no m\u00ednimo, 4 dias antes do exame, ou [&hellip;]<\/p>\n","protected":false},"author":3,"featured_media":0,"comment_status":"open","ping_status":"open","sticky":false,"template":"","format":"standard","meta":{"_acf_changed":false,"_joinchat":[],"footnotes":""},"categories":[205],"tags":[],"class_list":["post-6743","post","type-post","status-publish","format-standard","hentry","category-exames"],"acf":[],"_links":{"self":[{"href":"https:\/\/www.institutodavisao.org.br\/area-do-paciente\/wp-json\/wp\/v2\/posts\/6743","targetHints":{"allow":["GET"]}}],"collection":[{"href":"https:\/\/www.institutodavisao.org.br\/area-do-paciente\/wp-json\/wp\/v2\/posts"}],"about":[{"href":"https:\/\/www.institutodavisao.org.br\/area-do-paciente\/wp-json\/wp\/v2\/types\/post"}],"author":[{"embeddable":true,"href":"https:\/\/www.institutodavisao.org.br\/area-do-paciente\/wp-json\/wp\/v2\/users\/3"}],"replies":[{"embeddable":true,"href":"https:\/\/www.institutodavisao.org.br\/area-do-paciente\/wp-json\/wp\/v2\/comments?post=6743"}],"version-history":[{"count":0,"href":"https:\/\/www.institutodavisao.org.br\/area-do-paciente\/wp-json\/wp\/v2\/posts\/6743\/revisions"}],"wp:attachment":[{"href":"https:\/\/www.institutodavisao.org.br\/area-do-paciente\/wp-json\/wp\/v2\/media?parent=6743"}],"wp:term":[{"taxonomy":"category","embeddable":true,"href":"https:\/\/www.institutodavisao.org.br\/area-do-paciente\/wp-json\/wp\/v2\/categories?post=6743"},{"taxonomy":"post_tag","embeddable":true,"href":"https:\/\/www.institutodavisao.org.br\/area-do-paciente\/wp-json\/wp\/v2\/tags?post=6743"}],"curies":[{"name":"wp","href":"https:\/\/api.w.org\/{rel}","templated":true}]}}